{"id":2230,"date":"2025-06-05T22:42:12","date_gmt":"2025-06-05T20:42:12","guid":{"rendered":"https:\/\/exploraelperu.com\/nuevo-terminal-del-aeropuerto-internacional-jorge-chavez\/"},"modified":"2025-06-06T18:37:23","modified_gmt":"2025-06-06T16:37:23","slug":"o-novo-terminal-do-aeroporto-internacional-jorge-chavez","status":"publish","type":"post","link":"https:\/\/exploraelperu.com\/pt-br\/o-novo-terminal-do-aeroporto-internacional-jorge-chavez\/","title":{"rendered":"O NOVO TERMINAL DO AEROPORTO INTERNACIONAL JORGE CH\u00c1VEZ"},"content":{"rendered":"\n<p>O novo terminal do Aeroporto Internacional Jorge Ch\u00e1vez iniciou sua fase de abertura progressiva em 15 de maio de 2025 e dever\u00e1 entrar em plena opera\u00e7\u00e3o em 1\u00ba de junho. A partir dessa data, todos os voos e servi\u00e7os aeroportu\u00e1rios ser\u00e3o transferidos para essa moderna instala\u00e7\u00e3o, que substituir\u00e1 oficialmente o terminal atual.<\/p>\n\n\n\n<p>Projetado para dobrar a capacidade do aeroporto, passando de 15 para 30 milh\u00f5es de passageiros por ano, o novo terminal combina tecnologia de ponta com uma infraestrutura moderna e sustent\u00e1vel, com o objetivo de melhorar tanto a efici\u00eancia operacional quanto a experi\u00eancia geral dos viajantes.<\/p>\n\n\n\n<p>Depois de visitarmos pessoalmente o novo terminal, reunimos todas as informa\u00e7\u00f5es que voc\u00ea precisa para se locomover com tranquilidade na sua pr\u00f3xima viagem a Lima.<\/p>\n\n\n\n<h2 class=\"wp-block-heading\">Ruas de aceso e Transporte<\/h2>\n\n\n\n<p>O acesso ao novo aeroporto \u00e9 feito exclusivamente pela Av. Morales Du\u00e1rez. Embora as vias tenham sido recentemente renovadas pelo Minist\u00e9rio dos Transportes, ainda h\u00e1 preocupa\u00e7\u00f5es com uma poss\u00edvel congest\u00e3o no tr\u00e2nsito devido ao alto fluxo de ve\u00edculos na regi\u00e3o.<\/p>\n\n\n\n<p>Atualmente, a entrada e sa\u00edda do aeroporto s\u00e3o realizadas por duas pontes tempor\u00e1rias do tipo Bailey. Est\u00e1 prevista a constru\u00e7\u00e3o de uma ponte permanente, que ligar\u00e1 a Costa Verde \u00e0 Av. Santa Rosa, com acesso direto ao novo terminal. A conclus\u00e3o da obra est\u00e1 programada para o ano de 2026.<\/p>\n\n\n\n<p>Al\u00e9m disso, est\u00e1 em opera\u00e7\u00e3o um servi\u00e7o de \u00f4nibus p\u00fablico chamado Aerodirecto, que funciona 24 horas por dia, 7 dias por semana, com 5 paradas estrategicamente localizadas em Lima e uma frequ\u00eancia de 15 minutos.<\/p>\n\n\n\n<p><mark style=\"background-color:rgba(0, 0, 0, 0);color:#710303\" class=\"has-inline-color\"><strong>Tarifas<\/strong>:<\/mark> entre <strong>2 e 5 soles<\/strong>, dependendo da parada.<\/p>\n\n\n\n<p>H\u00e1 tamb\u00e9m uma \u00e1rea de estacionamento exclusiva para t\u00e1xis por aplicativo (Cabify, Uber), al\u00e9m de zonas dedicadas a t\u00e1xis oficiais (Taxi Green, Taxi 365, Taxi Directo) e t\u00e1xis VIP (CMV Remisse).r aplicaci\u00f3n (Cabify, Uber), as\u00ed como un \u00e1rea destinada a taxis oficiales (Taxi Green, Taxi 365, Taxi Directo) y a taxis VIP (CMV Remisse).<\/p>\n\n\n\n<figure class=\"wp-block-image size-full is-resized\"><img fetchpriority=\"high\" decoding=\"async\" width=\"655\" height=\"360\" src=\"https:\/\/exploraelperu.com\/wp-content\/uploads\/2025\/06\/image.png\" alt=\"\" class=\"wp-image-2218\" style=\"width:755px;height:auto\" srcset=\"https:\/\/exploraelperu.com\/wp-content\/uploads\/2025\/06\/image.png 655w, https:\/\/exploraelperu.com\/wp-content\/uploads\/2025\/06\/image-300x165.png 300w\" sizes=\"(max-width: 655px) 100vw, 655px\" \/><\/figure>\n\n\n\n<figure class=\"wp-block-image size-full is-resized\"><img decoding=\"async\" width=\"656\" height=\"370\" src=\"https:\/\/exploraelperu.com\/wp-content\/uploads\/2025\/06\/image-1.png\" alt=\"\" class=\"wp-image-2221\" style=\"width:753px;height:auto\" srcset=\"https:\/\/exploraelperu.com\/wp-content\/uploads\/2025\/06\/image-1.png 656w, https:\/\/exploraelperu.com\/wp-content\/uploads\/2025\/06\/image-1-300x169.png 300w\" sizes=\"(max-width: 656px) 100vw, 656px\" \/><\/figure>\n\n\n\n<h2 class=\"wp-block-heading\">Infraestrutura e Distribui\u00e7\u00e3o do Aeroporto<\/h2>\n\n\n\n<p>O novo terminal do <strong>Aeroporto Internacional Jorge Ch\u00e1vez<\/strong> apresenta um design moderno de <strong>cinco n\u00edveis<\/strong> (quatro andares mais um subsolo), cuidadosamente planejado para agilizar o fluxo de passageiros e melhorar a experi\u00eancia geral de viagem.<\/p>\n\n\n\n<p>Para voc\u00ea se familiarizar com o espa\u00e7o, aqui est\u00e1 um <strong>mapa interativo<\/strong> onde pode explorar cada n\u00edvel e ver os servi\u00e7os e instala\u00e7\u00f5es dispon\u00edveis: <em>Explorar o terminal<\/em>.<\/p>\n\n\n\n<p><strong><mark style=\"background-color:rgba(0, 0, 0, 0);color:#710303\" class=\"has-inline-color\">N\u00edvel 1: Chegadas Nacionais e Internacionais + Sleep\u2018n Fly<\/mark><\/strong><\/p>\n\n\n\n<ul class=\"wp-block-list\">\n<li><strong>Controle de imigra\u00e7\u00e3o<\/strong><\/li>\n\n\n\n<li><strong>6 esteiras automatizadas para bagagem<\/strong><\/li>\n\n\n\n<li><strong>Acesso ao transporte terrestre<\/strong><\/li>\n\n\n\n<li><strong>Sleep\u2018n Fly<\/strong>: Espa\u00e7o para descanso com c\u00e1psulas individuais, cabines reclin\u00e1veis (FlexiSuites) e quartos familiares.<br>Todos os tipos de acomoda\u00e7\u00e3o incluem:\n<ul class=\"wp-block-list\">\n<li>Wi-Fi<\/li>\n\n\n\n<li>Tomadas para carregar dispositivos<\/li>\n\n\n\n<li>Bebidas<\/li>\n\n\n\n<li>Guarda-volumes<\/li>\n\n\n\n<li>Chuveiros<\/li>\n\n\n\n<li>Acesso ao <em>Lounge Lite<\/em><\/li>\n<\/ul>\n<\/li>\n<\/ul>\n\n\n\n<p><strong><mark style=\"background-color:rgba(0, 0, 0, 0);color:#710303\" class=\"has-inline-color\">N\u00edvel 2: Centro Comercial, Boulevard Pedonal e Conex\u00f5es Internacionais<\/mark><\/strong><\/p>\n\n\n\n<ul class=\"wp-block-list\">\n<li><strong>Esc\u00e2neres CT<\/strong>:<br>\u00c1rea de controle de seguran\u00e7a para conex\u00f5es internacionais equipada com <strong>sete esc\u00e2neres de tomografia computadorizada (CT)<\/strong> de \u00faltima gera\u00e7\u00e3o.<\/li>\n\n\n\n<li><strong>Per\u00fa Plaza<\/strong>:<br>Espa\u00e7o aberto tanto para viajantes quanto para o p\u00fablico em geral, com lojas e op\u00e7\u00f5es gastron\u00f4micas que celebram a cultura peruana.<\/li>\n\n\n\n<li><strong>Acesso pedonal<\/strong>:<br>Um boulevard pedonal conecta as paradas de \u00f4nibus e estacionamentos aos port\u00f5es de embarque do segundo andar, facilitando o acesso dos passageiros que chegam de \u00f4nibus.<\/li>\n<\/ul>\n\n\n\n<p><strong><mark style=\"background-color:rgba(0, 0, 0, 0);color:#710303\" class=\"has-inline-color\">N\u00edvel 3: Check-in e Imigra\u00e7\u00e3o (Partidas)<\/mark><\/strong><\/p>\n\n\n\n<ul class=\"wp-block-list\">\n<li><strong>Imigra\u00e7\u00e3o (Partidas)<\/strong>:<br>\u00c1rea destinada aos procedimentos migrat\u00f3rios para voos internacionais de sa\u00edda.<\/li>\n\n\n\n<li><strong>Bal\u00e7\u00f5es de Check-in<\/strong>:\n<ul class=\"wp-block-list\">\n<li>90 balc\u00f5es distribu\u00eddos em 4 ilhas<\/li>\n\n\n\n<li>42 totens de autoatendimento<\/li>\n<\/ul>\n<\/li>\n\n\n\n<li><strong>Perusuyo<\/strong>:<br>Espa\u00e7o gastron\u00f4mico que oferece sandu\u00edches peruanos, sobremesas tradicionais, caf\u00e9 de origem, cozinha Nikkei, coquet\u00e9is e snacks.<br>A decora\u00e7\u00e3o inclui uma \u00e1rvore de Yunza e arte local.<\/li>\n\n\n\n<li><strong>Lojas<\/strong>:<br>Espa\u00e7os comerciais dispon\u00edveis para viajantes nacionais e internacionais.<\/li>\n<\/ul>\n\n\n\n<p><strong><mark style=\"background-color:rgba(0, 0, 0, 0);color:#710303\" class=\"has-inline-color\">N\u00edvel 4: Salas VIP e Sala de Servi\u00e7o Protocolar<\/mark><\/strong><\/p>\n\n\n\n<p><strong>Sala VIP \u201cThe Club LIM\u201d (Partidas Internacionais)<\/strong><br>Localizada no mezanino da \u00e1rea de partidas internacionais.<br>Aberta 24 horas por dia, todos os dias.<br>Oferece \u00e1reas para descanso, trabalho, relaxamento, chuveiros e espa\u00e7o infantil.<br>Menu gratuito de snacks elaborado pelo Chef Ignacio Barrios, com op\u00e7\u00f5es veganas e sem gl\u00faten.<br>Acesso mediante associa\u00e7\u00f5es como Priority Pass ou Lounge Key, ou pagamento de <strong>US$ 55<\/strong> no local.<br>Consulte o site deles aqui.<\/p>\n\n\n\n<p><strong>Sala de Servi\u00e7o Protocolar<\/strong><br>Ambientes confort\u00e1veis e elegantes, decorados por artistas peruanos renomados e inspirados na geografia do Peru.<br>Exclusiva para passageiros que contratam o servi\u00e7o VIP protocolar da <strong>Lima Airport Partners<\/strong>.<\/p>\n\n\n\n<h2 class=\"wp-block-heading\">Hotel Costa del Sol WYNDHAM Aeroporto<\/h2>\n\n\n\n<ul class=\"wp-block-list\">\n<li><strong>Abertura suave<\/strong>: 15 de junho<\/li>\n\n\n\n<li><strong>Inaugura\u00e7\u00e3o oficial<\/strong>: 1\u00ba de julho<\/li>\n<\/ul>\n\n\n\n<p><strong>Acesso<\/strong>:<br>Acesso direto a partir do terminal de chegadas, a apenas 2 minutos a p\u00e9 atravessando a rua, ou pelo boulevard pedonal a partir do N\u00edvel 2.<\/p>\n\n\n\n<figure class=\"wp-block-image size-full is-resized\"><img decoding=\"async\" width=\"1000\" height=\"666\" src=\"https:\/\/exploraelperu.com\/wp-content\/uploads\/2025\/06\/image-2.png\" alt=\"\" class=\"wp-image-2224\" style=\"width:825px;height:auto\" srcset=\"https:\/\/exploraelperu.com\/wp-content\/uploads\/2025\/06\/image-2.png 1000w, https:\/\/exploraelperu.com\/wp-content\/uploads\/2025\/06\/image-2-300x200.png 300w, https:\/\/exploraelperu.com\/wp-content\/uploads\/2025\/06\/image-2-768x511.png 768w\" sizes=\"(max-width: 1000px) 100vw, 1000px\" \/><\/figure>\n\n\n\n<h2 class=\"wp-block-heading\">Conex\u00f5es de Voo (Nacional \u2194 Internacional)<\/h2>\n\n\n\n<p><strong><mark style=\"background-color:rgba(0, 0, 0, 0);color:#710303\" class=\"has-inline-color\">Procedimento atual para conex\u00f5es de voos internacionais para voos nacionais:<\/mark><\/strong><\/p>\n\n\n\n<ul class=\"wp-block-list\">\n<li>Retirar a bagagem<\/li>\n\n\n\n<li>Passar pela imigra\u00e7\u00e3o e alf\u00e2ndega<\/li>\n\n\n\n<li>Dirigir-se \u00e0 \u00e1rea de check-in<\/li>\n\n\n\n<li>Registrar novamente a bagagem para o voo nacional<\/li>\n<\/ul>\n\n\n\n<p><strong>Tempo m\u00ednimo de conex\u00e3o recomendado:<\/strong> 3 horas, devido aos novos procedimentos e poss\u00edveis atrasos, especialmente durante a fase inicial de opera\u00e7\u00e3o.<\/p>\n\n\n\n<h2 class=\"wp-block-heading\">Servi\u00e7os VIP: Servi\u00e7o Protocolar<\/h2>\n\n\n\n<p><strong><mark style=\"background-color:rgba(0, 0, 0, 0);color:#710303\" class=\"has-inline-color\">Servi\u00e7os inclu\u00eddos:<\/mark><\/strong><\/p>\n\n\n\n<ul class=\"wp-block-list\">\n<li>Estacionamento privado (Sierra 1)<\/li>\n\n\n\n<li>Recep\u00e7\u00e3o do passageiro e acompanhamento durante todo o processo:\n<ul class=\"wp-block-list\">\n<li>Check-in<\/li>\n\n\n\n<li>Imigra\u00e7\u00e3o<\/li>\n\n\n\n<li>Fast Track<\/li>\n\n\n\n<li>Manuseio de bagagem<\/li>\n\n\n\n<li>Transporte interno<\/li>\n\n\n\n<li>Acesso a sala VIP privada<\/li>\n<\/ul>\n<\/li>\n<\/ul>\n\n\n\n<h2 class=\"wp-block-heading\">Fast Track vs. Servi\u00e7o Protocolar: Qual a diferen\u00e7a?<\/h2>\n\n\n\n<p>A partir de <strong>1\u00ba de julho<\/strong>, ambos os servi\u00e7os estar\u00e3o dispon\u00edveis no novo terminal do Aeroporto Jorge Ch\u00e1vez.<\/p>\n\n\n\n<p><strong><mark style=\"background-color:rgba(0, 0, 0, 0);color:#710303\" class=\"has-inline-color\">Diferen\u00e7a principal:<\/mark><\/strong><br>A sala VIP \u00e9 exclusiva para usu\u00e1rios do <strong>Servi\u00e7o Protocolar<\/strong>. Passageiros com <strong>Fast Track<\/strong> n\u00e3o t\u00eam acesso a essa sala.<\/p>\n\n\n\n<p><strong><mark style=\"background-color:rgba(0, 0, 0, 0);color:#710303\" class=\"has-inline-color\">Quando recomendamos contratar o Servi\u00e7o Protocolar?<\/mark><\/strong><\/p>\n\n\n\n<ul class=\"wp-block-list\">\n<li><strong>Para partidas:<\/strong><br>Recomendamos contratar o Servi\u00e7o Protocolar, pois inclui acesso a uma sala VIP privada, ideal para descansar antes do voo. Tamb\u00e9m oferece assist\u00eancia personalizada da equipe da <strong>Lima Airport Partners (LAP)<\/strong> durante todo o processo de check-in e seguran\u00e7a. \u00c9 ideal para viajantes que buscam conforto, efici\u00eancia e aten\u00e7\u00e3o personalizada.<\/li>\n\n\n\n<li><strong>Para chegadas:<\/strong><br>Sugerimos optar pelo servi\u00e7o <strong>Fast Track<\/strong>, que facilita uma sa\u00edda mais r\u00e1pida do aeroporto. Inclui assist\u00eancia da equipe da LAP e acesso exclusivo \u00e0 faixa veicular mais pr\u00f3xima \u00e0 porta de chegadas, permitindo uma retirada mais \u00e1gil.<\/li>\n<\/ul>\n\n\n\n<p><strong>Nota:<\/strong> O servi\u00e7o Fast Track n\u00e3o inclui acesso \u00e0 sala VIP.<\/p>\n\n\n\n<h2 class=\"wp-block-heading\">Informa\u00e7\u00f5es importantes sobre imigra\u00e7\u00e3o<\/h2>\n\n\n\n<p>Atualmente, n\u00e3o existe uma faixa exclusiva nem um acordo especial com as autoridades migrat\u00f3rias do Peru para esses servi\u00e7os. Todos os passageiros, independentemente do servi\u00e7o contratado, devem realizar o processo migrat\u00f3rio regular junto com os demais passageiros.<strong>s dem\u00e1s viajeros<\/strong>.<\/p>\n\n\n\n<p><\/p>\n","protected":false},"excerpt":{"rendered":"<p>O novo terminal do Aeroporto Internacional Jorge Ch\u00e1vez iniciou sua fase de abertura progressiva em 15 de maio de 2025 e dever\u00e1 entrar em plena opera\u00e7\u00e3o em 1\u00ba de junho. A partir dessa data, todos os voos e servi\u00e7os aeroportu\u00e1rios ser\u00e3o transferidos para essa moderna instala\u00e7\u00e3o, que substituir\u00e1 oficialmente o terminal atual. Projetado para dobrar [&hellip;]<\/p>\n","protected":false},"author":2,"featured_media":2223,"comment_status":"closed","ping_status":"closed","sticky":false,"template":"","format":"standard","meta":{"_acf_changed":false,"advgb_blocks_editor_width":"","advgb_blocks_columns_visual_guide":"","footnotes":""},"categories":[4],"tags":[],"class_list":["post-2230","post","type-post","status-publish","format-standard","has-post-thumbnail","hentry","category-dicas-de-viagem-para-o-peru"],"acf":[],"yoast_head":"<!-- This site is optimized with the Yoast SEO plugin v26.9 - https:\/\/yoast.com\/product\/yoast-seo-wordpress\/ -->\n<title>O NOVO TERMINAL DO AEROPORTO INTERNACIONAL JORGE CH\u00c1VEZ - Explora El Peru<\/title>\n<meta name=\"robots\" content=\"index, follow, max-snippet:-1, max-image-preview:large, max-video-preview:-1\" \/>\n<link rel=\"canonical\" href=\"https:\/\/exploraelperu.com\/pt-br\/o-novo-terminal-do-aeroporto-internacional-jorge-chavez\/\" \/>\n<meta property=\"og:locale\" content=\"pt_BR\" \/>\n<meta property=\"og:type\" content=\"article\" \/>\n<meta property=\"og:title\" content=\"O NOVO TERMINAL DO AEROPORTO INTERNACIONAL JORGE CH\u00c1VEZ - Explora El Peru\" \/>\n<meta property=\"og:description\" content=\"O novo terminal do Aeroporto Internacional Jorge Ch\u00e1vez iniciou sua fase de abertura progressiva em 15 de maio de 2025 e dever\u00e1 entrar em plena opera\u00e7\u00e3o em 1\u00ba de junho. A partir dessa data, todos os voos e servi\u00e7os aeroportu\u00e1rios ser\u00e3o transferidos para essa moderna instala\u00e7\u00e3o, que substituir\u00e1 oficialmente o terminal atual. Projetado para dobrar [&hellip;]\" \/>\n<meta property=\"og:url\" content=\"https:\/\/exploraelperu.com\/pt-br\/o-novo-terminal-do-aeroporto-internacional-jorge-chavez\/\" \/>\n<meta property=\"og:site_name\" content=\"Explora El Peru\" \/>\n<meta property=\"article:published_time\" content=\"2025-06-05T20:42:12+00:00\" \/>\n<meta property=\"article:modified_time\" content=\"2025-06-06T16:37:23+00:00\" \/>\n<meta property=\"og:image\" content=\"https:\/\/exploraelperu.com\/wp-content\/uploads\/2025\/06\/image-1.png\" \/>\n\t<meta property=\"og:image:width\" content=\"656\" \/>\n\t<meta property=\"og:image:height\" content=\"370\" \/>\n\t<meta property=\"og:image:type\" content=\"image\/png\" \/>\n<meta name=\"author\" content=\"Anderson Vasquez\" \/>\n<meta name=\"twitter:card\" content=\"summary_large_image\" \/>\n<meta name=\"twitter:label1\" content=\"Escrito por\" \/>\n\t<meta name=\"twitter:data1\" content=\"Anderson Vasquez\" \/>\n\t<meta name=\"twitter:label2\" content=\"Est. tempo de leitura\" \/>\n\t<meta name=\"twitter:data2\" content=\"7 minutos\" \/>\n<script type=\"application\/ld+json\" class=\"yoast-schema-graph\">{\"@context\":\"https:\/\/schema.org\",\"@graph\":[{\"@type\":\"Article\",\"@id\":\"https:\/\/exploraelperu.com\/pt-br\/o-novo-terminal-do-aeroporto-internacional-jorge-chavez\/#article\",\"isPartOf\":{\"@id\":\"https:\/\/exploraelperu.com\/pt-br\/o-novo-terminal-do-aeroporto-internacional-jorge-chavez\/\"},\"author\":{\"name\":\"Anderson Vasquez\",\"@id\":\"https:\/\/exploraelperu.com\/pt-br\/#\/schema\/person\/d55a88b73b10ae9c4f04743c65d73e31\"},\"headline\":\"O NOVO TERMINAL DO AEROPORTO INTERNACIONAL JORGE CH\u00c1VEZ\",\"datePublished\":\"2025-06-05T20:42:12+00:00\",\"dateModified\":\"2025-06-06T16:37:23+00:00\",\"mainEntityOfPage\":{\"@id\":\"https:\/\/exploraelperu.com\/pt-br\/o-novo-terminal-do-aeroporto-internacional-jorge-chavez\/\"},\"wordCount\":1133,\"publisher\":{\"@id\":\"https:\/\/exploraelperu.com\/pt-br\/#organization\"},\"image\":{\"@id\":\"https:\/\/exploraelperu.com\/pt-br\/o-novo-terminal-do-aeroporto-internacional-jorge-chavez\/#primaryimage\"},\"thumbnailUrl\":\"https:\/\/exploraelperu.com\/wp-content\/uploads\/2025\/06\/image-1.png\",\"articleSection\":[\"Dicas de Viagem para o Peru\"],\"inLanguage\":\"pt-BR\"},{\"@type\":\"WebPage\",\"@id\":\"https:\/\/exploraelperu.com\/pt-br\/o-novo-terminal-do-aeroporto-internacional-jorge-chavez\/\",\"url\":\"https:\/\/exploraelperu.com\/pt-br\/o-novo-terminal-do-aeroporto-internacional-jorge-chavez\/\",\"name\":\"O NOVO TERMINAL DO AEROPORTO INTERNACIONAL JORGE CH\u00c1VEZ - Explora El Peru\",\"isPartOf\":{\"@id\":\"https:\/\/exploraelperu.com\/pt-br\/#website\"},\"primaryImageOfPage\":{\"@id\":\"https:\/\/exploraelperu.com\/pt-br\/o-novo-terminal-do-aeroporto-internacional-jorge-chavez\/#primaryimage\"},\"image\":{\"@id\":\"https:\/\/exploraelperu.com\/pt-br\/o-novo-terminal-do-aeroporto-internacional-jorge-chavez\/#primaryimage\"},\"thumbnailUrl\":\"https:\/\/exploraelperu.com\/wp-content\/uploads\/2025\/06\/image-1.png\",\"datePublished\":\"2025-06-05T20:42:12+00:00\",\"dateModified\":\"2025-06-06T16:37:23+00:00\",\"breadcrumb\":{\"@id\":\"https:\/\/exploraelperu.com\/pt-br\/o-novo-terminal-do-aeroporto-internacional-jorge-chavez\/#breadcrumb\"},\"inLanguage\":\"pt-BR\",\"potentialAction\":[{\"@type\":\"ReadAction\",\"target\":[\"https:\/\/exploraelperu.com\/pt-br\/o-novo-terminal-do-aeroporto-internacional-jorge-chavez\/\"]}]},{\"@type\":\"ImageObject\",\"inLanguage\":\"pt-BR\",\"@id\":\"https:\/\/exploraelperu.com\/pt-br\/o-novo-terminal-do-aeroporto-internacional-jorge-chavez\/#primaryimage\",\"url\":\"https:\/\/exploraelperu.com\/wp-content\/uploads\/2025\/06\/image-1.png\",\"contentUrl\":\"https:\/\/exploraelperu.com\/wp-content\/uploads\/2025\/06\/image-1.png\",\"width\":656,\"height\":370},{\"@type\":\"BreadcrumbList\",\"@id\":\"https:\/\/exploraelperu.com\/pt-br\/o-novo-terminal-do-aeroporto-internacional-jorge-chavez\/#breadcrumb\",\"itemListElement\":[{\"@type\":\"ListItem\",\"position\":1,\"name\":\"Inicio\",\"item\":\"https:\/\/exploraelperu.com\/pt-br\/\"},{\"@type\":\"ListItem\",\"position\":2,\"name\":\"O NOVO TERMINAL DO AEROPORTO INTERNACIONAL JORGE CH\u00c1VEZ\"}]},{\"@type\":\"WebSite\",\"@id\":\"https:\/\/exploraelperu.com\/pt-br\/#website\",\"url\":\"https:\/\/exploraelperu.com\/pt-br\/\",\"name\":\"Explora El Peru\",\"description\":\"\",\"publisher\":{\"@id\":\"https:\/\/exploraelperu.com\/pt-br\/#organization\"},\"potentialAction\":[{\"@type\":\"SearchAction\",\"target\":{\"@type\":\"EntryPoint\",\"urlTemplate\":\"https:\/\/exploraelperu.com\/pt-br\/?s={search_term_string}\"},\"query-input\":{\"@type\":\"PropertyValueSpecification\",\"valueRequired\":true,\"valueName\":\"search_term_string\"}}],\"inLanguage\":\"pt-BR\"},{\"@type\":\"Organization\",\"@id\":\"https:\/\/exploraelperu.com\/pt-br\/#organization\",\"name\":\"Explora El Peru\",\"url\":\"https:\/\/exploraelperu.com\/pt-br\/\",\"logo\":{\"@type\":\"ImageObject\",\"inLanguage\":\"pt-BR\",\"@id\":\"https:\/\/exploraelperu.com\/pt-br\/#\/schema\/logo\/image\/\",\"url\":\"https:\/\/exploraelperu.com\/wp-content\/uploads\/2024\/04\/logo-explora.png\",\"contentUrl\":\"https:\/\/exploraelperu.com\/wp-content\/uploads\/2024\/04\/logo-explora.png\",\"width\":275,\"height\":104,\"caption\":\"Explora El Peru\"},\"image\":{\"@id\":\"https:\/\/exploraelperu.com\/pt-br\/#\/schema\/logo\/image\/\"}},{\"@type\":\"Person\",\"@id\":\"https:\/\/exploraelperu.com\/pt-br\/#\/schema\/person\/d55a88b73b10ae9c4f04743c65d73e31\",\"name\":\"Anderson Vasquez\",\"url\":\"https:\/\/exploraelperu.com\/pt-br\/author\/blogeditor\/\"}]}<\/script>\n<!-- \/ Yoast SEO plugin. -->","yoast_head_json":{"title":"O NOVO TERMINAL DO AEROPORTO INTERNACIONAL JORGE CH\u00c1VEZ - Explora El Peru","robots":{"index":"index","follow":"follow","max-snippet":"max-snippet:-1","max-image-preview":"max-image-preview:large","max-video-preview":"max-video-preview:-1"},"canonical":"https:\/\/exploraelperu.com\/pt-br\/o-novo-terminal-do-aeroporto-internacional-jorge-chavez\/","og_locale":"pt_BR","og_type":"article","og_title":"O NOVO TERMINAL DO AEROPORTO INTERNACIONAL JORGE CH\u00c1VEZ - Explora El Peru","og_description":"O novo terminal do Aeroporto Internacional Jorge Ch\u00e1vez iniciou sua fase de abertura progressiva em 15 de maio de 2025 e dever\u00e1 entrar em plena opera\u00e7\u00e3o em 1\u00ba de junho. A partir dessa data, todos os voos e servi\u00e7os aeroportu\u00e1rios ser\u00e3o transferidos para essa moderna instala\u00e7\u00e3o, que substituir\u00e1 oficialmente o terminal atual. Projetado para dobrar [&hellip;]","og_url":"https:\/\/exploraelperu.com\/pt-br\/o-novo-terminal-do-aeroporto-internacional-jorge-chavez\/","og_site_name":"Explora El Peru","article_published_time":"2025-06-05T20:42:12+00:00","article_modified_time":"2025-06-06T16:37:23+00:00","og_image":[{"width":656,"height":370,"url":"https:\/\/exploraelperu.com\/wp-content\/uploads\/2025\/06\/image-1.png","type":"image\/png"}],"author":"Anderson Vasquez","twitter_card":"summary_large_image","twitter_misc":{"Escrito por":"Anderson Vasquez","Est. tempo de leitura":"7 minutos"},"schema":{"@context":"https:\/\/schema.org","@graph":[{"@type":"Article","@id":"https:\/\/exploraelperu.com\/pt-br\/o-novo-terminal-do-aeroporto-internacional-jorge-chavez\/#article","isPartOf":{"@id":"https:\/\/exploraelperu.com\/pt-br\/o-novo-terminal-do-aeroporto-internacional-jorge-chavez\/"},"author":{"name":"Anderson Vasquez","@id":"https:\/\/exploraelperu.com\/pt-br\/#\/schema\/person\/d55a88b73b10ae9c4f04743c65d73e31"},"headline":"O NOVO TERMINAL DO AEROPORTO INTERNACIONAL JORGE CH\u00c1VEZ","datePublished":"2025-06-05T20:42:12+00:00","dateModified":"2025-06-06T16:37:23+00:00","mainEntityOfPage":{"@id":"https:\/\/exploraelperu.com\/pt-br\/o-novo-terminal-do-aeroporto-internacional-jorge-chavez\/"},"wordCount":1133,"publisher":{"@id":"https:\/\/exploraelperu.com\/pt-br\/#organization"},"image":{"@id":"https:\/\/exploraelperu.com\/pt-br\/o-novo-terminal-do-aeroporto-internacional-jorge-chavez\/#primaryimage"},"thumbnailUrl":"https:\/\/exploraelperu.com\/wp-content\/uploads\/2025\/06\/image-1.png","articleSection":["Dicas de Viagem para o Peru"],"inLanguage":"pt-BR"},{"@type":"WebPage","@id":"https:\/\/exploraelperu.com\/pt-br\/o-novo-terminal-do-aeroporto-internacional-jorge-chavez\/","url":"https:\/\/exploraelperu.com\/pt-br\/o-novo-terminal-do-aeroporto-internacional-jorge-chavez\/","name":"O NOVO TERMINAL DO AEROPORTO INTERNACIONAL JORGE CH\u00c1VEZ - Explora El Peru","isPartOf":{"@id":"https:\/\/exploraelperu.com\/pt-br\/#website"},"primaryImageOfPage":{"@id":"https:\/\/exploraelperu.com\/pt-br\/o-novo-terminal-do-aeroporto-internacional-jorge-chavez\/#primaryimage"},"image":{"@id":"https:\/\/exploraelperu.com\/pt-br\/o-novo-terminal-do-aeroporto-internacional-jorge-chavez\/#primaryimage"},"thumbnailUrl":"https:\/\/exploraelperu.com\/wp-content\/uploads\/2025\/06\/image-1.png","datePublished":"2025-06-05T20:42:12+00:00","dateModified":"2025-06-06T16:37:23+00:00","breadcrumb":{"@id":"https:\/\/exploraelperu.com\/pt-br\/o-novo-terminal-do-aeroporto-internacional-jorge-chavez\/#breadcrumb"},"inLanguage":"pt-BR","potentialAction":[{"@type":"ReadAction","target":["https:\/\/exploraelperu.com\/pt-br\/o-novo-terminal-do-aeroporto-internacional-jorge-chavez\/"]}]},{"@type":"ImageObject","inLanguage":"pt-BR","@id":"https:\/\/exploraelperu.com\/pt-br\/o-novo-terminal-do-aeroporto-internacional-jorge-chavez\/#primaryimage","url":"https:\/\/exploraelperu.com\/wp-content\/uploads\/2025\/06\/image-1.png","contentUrl":"https:\/\/exploraelperu.com\/wp-content\/uploads\/2025\/06\/image-1.png","width":656,"height":370},{"@type":"BreadcrumbList","@id":"https:\/\/exploraelperu.com\/pt-br\/o-novo-terminal-do-aeroporto-internacional-jorge-chavez\/#breadcrumb","itemListElement":[{"@type":"ListItem","position":1,"name":"Inicio","item":"https:\/\/exploraelperu.com\/pt-br\/"},{"@type":"ListItem","position":2,"name":"O NOVO TERMINAL DO AEROPORTO INTERNACIONAL JORGE CH\u00c1VEZ"}]},{"@type":"WebSite","@id":"https:\/\/exploraelperu.com\/pt-br\/#website","url":"https:\/\/exploraelperu.com\/pt-br\/","name":"Explora El Peru","description":"","publisher":{"@id":"https:\/\/exploraelperu.com\/pt-br\/#organization"},"potentialAction":[{"@type":"SearchAction","target":{"@type":"EntryPoint","urlTemplate":"https:\/\/exploraelperu.com\/pt-br\/?s={search_term_string}"},"query-input":{"@type":"PropertyValueSpecification","valueRequired":true,"valueName":"search_term_string"}}],"inLanguage":"pt-BR"},{"@type":"Organization","@id":"https:\/\/exploraelperu.com\/pt-br\/#organization","name":"Explora El Peru","url":"https:\/\/exploraelperu.com\/pt-br\/","logo":{"@type":"ImageObject","inLanguage":"pt-BR","@id":"https:\/\/exploraelperu.com\/pt-br\/#\/schema\/logo\/image\/","url":"https:\/\/exploraelperu.com\/wp-content\/uploads\/2024\/04\/logo-explora.png","contentUrl":"https:\/\/exploraelperu.com\/wp-content\/uploads\/2024\/04\/logo-explora.png","width":275,"height":104,"caption":"Explora El Peru"},"image":{"@id":"https:\/\/exploraelperu.com\/pt-br\/#\/schema\/logo\/image\/"}},{"@type":"Person","@id":"https:\/\/exploraelperu.com\/pt-br\/#\/schema\/person\/d55a88b73b10ae9c4f04743c65d73e31","name":"Anderson Vasquez","url":"https:\/\/exploraelperu.com\/pt-br\/author\/blogeditor\/"}]}},"author_meta":{"display_name":"Anderson Vasquez","author_link":"https:\/\/exploraelperu.com\/pt-br\/author\/blogeditor\/"},"featured_img":"https:\/\/exploraelperu.com\/wp-content\/uploads\/2025\/06\/image-1-300x169.png","coauthors":[],"tax_additional":{"categories":{"linked":["<a href=\"https:\/\/exploraelperu.com\/pt-br\/dicas-de-viagem-para-o-peru\/\" class=\"advgb-post-tax-term\">Dicas de Viagem para o Peru<\/a>"],"unlinked":["<span class=\"advgb-post-tax-term\">Dicas de Viagem para o Peru<\/span>"]}},"comment_count":"0","relative_dates":{"created":"Publicado 11 meses atr\u00e1s","modified":"Atualizado 11 meses atr\u00e1s"},"absolute_dates":{"created":"Publicado em 5 de junho de 2025","modified":"Atualizado em 6 de junho de 2025"},"absolute_dates_time":{"created":"Publicado em 5 de junho de 2025 22:42","modified":"Atualizado em 6 de junho de 2025 18:37"},"featured_img_caption":"","series_order":"","fields":false,"feature_media_details":"https:\/\/exploraelperu.com\/wp-content\/uploads\/2025\/06\/image-1.png","categories_names":["Dicas de Viagem para o Peru"],"_links":{"self":[{"href":"https:\/\/exploraelperu.com\/pt-br\/wp-json\/wp\/v2\/posts\/2230","targetHints":{"allow":["GET"]}}],"collection":[{"href":"https:\/\/exploraelperu.com\/pt-br\/wp-json\/wp\/v2\/posts"}],"about":[{"href":"https:\/\/exploraelperu.com\/pt-br\/wp-json\/wp\/v2\/types\/post"}],"author":[{"embeddable":true,"href":"https:\/\/exploraelperu.com\/pt-br\/wp-json\/wp\/v2\/users\/2"}],"replies":[{"embeddable":true,"href":"https:\/\/exploraelperu.com\/pt-br\/wp-json\/wp\/v2\/comments?post=2230"}],"version-history":[{"count":3,"href":"https:\/\/exploraelperu.com\/pt-br\/wp-json\/wp\/v2\/posts\/2230\/revisions"}],"predecessor-version":[{"id":2235,"href":"https:\/\/exploraelperu.com\/pt-br\/wp-json\/wp\/v2\/posts\/2230\/revisions\/2235"}],"wp:featuredmedia":[{"embeddable":true,"href":"https:\/\/exploraelperu.com\/pt-br\/wp-json\/wp\/v2\/media\/2223"}],"wp:attachment":[{"href":"https:\/\/exploraelperu.com\/pt-br\/wp-json\/wp\/v2\/media?parent=2230"}],"wp:term":[{"taxonomy":"category","embeddable":true,"href":"https:\/\/exploraelperu.com\/pt-br\/wp-json\/wp\/v2\/categories?post=2230"},{"taxonomy":"post_tag","embeddable":true,"href":"https:\/\/exploraelperu.com\/pt-br\/wp-json\/wp\/v2\/tags?post=2230"}],"curies":[{"name":"wp","href":"https:\/\/api.w.org\/{rel}","templated":true}]}}